[{"@context":"https:\/\/schema.org\/","@type":"Article","@id":"https:\/\/www.ficaj.cz\/ano-nebo-ne\/#Article","mainEntityOfPage":"https:\/\/www.ficaj.cz\/ano-nebo-ne\/","headline":"Ano nebo ne","name":"Ano nebo ne","description":"Rozhodla se, \u017ee si zkus\u00ed napsat alespo\u0148 dv\u011b strany magistersk\u00e9 diplomov\u00e9 pr\u00e1ce, a pokud se j\u00ed to povede, z\u016fstane doma, za odm\u011bnu, ale pokud ne,","datePublished":"2025-02-26","dateModified":"2025-02-26","author":{"@type":"Person","@id":"https:\/\/www.ficaj.cz\/author\/#Person","name":"","url":"https:\/\/www.ficaj.cz\/author\/","identifier":1,"image":{"@type":"ImageObject","@id":"https:\/\/secure.gravatar.com\/avatar\/d2f205e1507a0401c7d467d32c87ccece0f63a45b81075bb691dbe8d4c823787?s=96&d=mm&r=g","url":"https:\/\/secure.gravatar.com\/avatar\/d2f205e1507a0401c7d467d32c87ccece0f63a45b81075bb691dbe8d4c823787?s=96&d=mm&r=g","height":96,"width":96}},"publisher":{"@type":"Organization","name":"ficaj.cz","logo":{"@type":"ImageObject","@id":"\/logo.png","url":"\/logo.png","width":600,"height":60}},"url":"https:\/\/www.ficaj.cz\/ano-nebo-ne\/","wordCount":198,"articleBody":"Rozhodla se, \u017ee si zkus\u00ed napsat alespo\u0148 dv\u011b strany magistersk\u00e9 diplomov\u00e9 pr\u00e1ce, a pokud se j\u00ed to povede, z\u016fstane doma, za odm\u011bnu, ale pokud ne, bude muset j\u00edt na p\u0159edn\u00e1\u0161ku. Ne\u0161lo o samotnou p\u0159edn\u00e1\u0161ku, ta by ji i docela zaj\u00edmala. R\u00e1da by si poslechla rozhovor mezi sv\u00fdmi docenty a ur\u010dit\u011b by cht\u011bla sly\u0161et vedouc\u00edho katedry hovo\u0159it polsky a anglicky; jejich profesor m\u00edrn\u011b r\u00e1\u010dkoval a ob\u010das se zakoktal, vlastn\u011b to bylo docela legra\u010dn\u00ed, kdy\u017e jim p\u0159edn\u00e1\u0161el. \u017d\u00e1dn\u00e9 z\u00e1pisky Poslouchala d\u00e9\u0161\u0165, bubnuj\u00edc\u00ed do d\u0159ev\u011bn\u00fdch st\u0159e\u0161n\u00edch oken, a \u010d\u00edm d\u00e9le p\u0159em\u00fd\u0161lela nad p\u0159edn\u00e1\u0161kou, t\u00edm m\u00e9n\u011b se soust\u0159edila na diplomovou pr\u00e1ci. A najednou se j\u00ed necht\u011blo sed\u011bt doma. Obl\u00e9kne si tu novou nepromokavou bundu a nebude si br\u00e1t v\u016fbec nic s sebou vyjma doklad\u016f a kl\u00ed\u010d\u016f od bytu. Nech\u00e1 doma laptop i se\u0161it s pozn\u00e1mkami, p\u016fjde jenom takhle. Nen\u00ed to povinn\u00e1 p\u0159edn\u00e1\u0161ka, tak\u017ee si nemus\u00ed d\u011blat z\u00e1pisky.                                                                                                                                                                                                                                                                                                                                                                                        2\/5 - (1 vote)        "},{"@context":"https:\/\/schema.org\/","@type":"BreadcrumbList","itemListElement":[{"@type":"ListItem","position":1,"name":"Ano nebo ne","item":"https:\/\/www.ficaj.cz\/ano-nebo-ne\/#breadcrumbitem"}]}]