[{"@context":"https:\/\/schema.org\/","@type":"Article","@id":"https:\/\/www.ficaj.cz\/davejte-si-pozor-na-predstojnou-zlazu\/#Article","mainEntityOfPage":"https:\/\/www.ficaj.cz\/davejte-si-pozor-na-predstojnou-zlazu\/","headline":"D\u00e1vejte si pozor na p\u0159edstojnou \u017el\u00e1zu!","name":"D\u00e1vejte si pozor na p\u0159edstojnou \u017el\u00e1zu!","description":"Prostata, stra\u0161\u00e1k mnoha mu\u017e\u016f ji\u017e od nejzaz\u0161\u00edho v\u011bku, pat\u0159\u00ed k nejproblemati\u010dt\u011bj\u0161\u00edm org\u00e1n\u016fm mu\u017esk\u00e9ho t\u011bla. M\u00e1lokdo si dovede p\u0159edstavit, jak by tak mal\u00fd org\u00e1n mohl ovliv\u0148ovat","datePublished":"2024-11-24","dateModified":"2024-11-24","author":{"@type":"Person","@id":"https:\/\/www.ficaj.cz\/author\/#Person","name":"","url":"https:\/\/www.ficaj.cz\/author\/","identifier":1,"image":{"@type":"ImageObject","@id":"https:\/\/secure.gravatar.com\/avatar\/d2f205e1507a0401c7d467d32c87ccece0f63a45b81075bb691dbe8d4c823787?s=96&d=mm&r=g","url":"https:\/\/secure.gravatar.com\/avatar\/d2f205e1507a0401c7d467d32c87ccece0f63a45b81075bb691dbe8d4c823787?s=96&d=mm&r=g","height":96,"width":96}},"publisher":{"@type":"Organization","name":"ficaj.cz","logo":{"@type":"ImageObject","@id":"\/logo.png","url":"\/logo.png","width":600,"height":60}},"url":"https:\/\/www.ficaj.cz\/davejte-si-pozor-na-predstojnou-zlazu\/","wordCount":202,"articleBody":" Prostata, stra\u0161\u00e1k mnoha mu\u017e\u016f ji\u017e od nejzaz\u0161\u00edho v\u011bku, pat\u0159\u00ed k nejproblemati\u010dt\u011bj\u0161\u00edm org\u00e1n\u016fm mu\u017esk\u00e9ho t\u011bla. M\u00e1lokdo si dovede p\u0159edstavit, jak by tak mal\u00fd org\u00e1n mohl ovliv\u0148ovat lidsk\u00fd \u017eivot do t\u00e9 m\u00edry, \u017ee m\u016f\u017ee sni\u017eovat jeho kvalitu. Bohu\u017eel se \u010dasto st\u00e1v\u00e1, \u017ee i ty nejmen\u0161\u00ed v\u011bci, maj\u00ed jednu z nejv\u00fdznamn\u011bj\u0161\u00edch rol\u00ed. A pokud dojde k jejich onemocn\u011bn\u00ed, m\u00e1 to neblah\u00e9 a\u017e fat\u00e1ln\u00ed n\u00e1sledky nejen pro \u201epacienta\u201c, ale i pro jeho nejbli\u017e\u0161\u00ed. Nenechte si zkazit \u017eivot Nane\u0161t\u011bst\u00ed bere v\u011bt\u0161ina z n\u00e1s, a\u0165 se jedn\u00e1 o mu\u017ee \u010di \u017eeny, ty nejd\u016fle\u017eit\u011bj\u0161\u00ed v\u011bci na lehkou v\u00e1hu. Mysl\u00edme si, \u017ee n\u00e1m se nem\u016f\u017ee nic takov\u00e9ho, jako se ud\u00e1lo druh\u00e9mu, st\u00e1t. Nicm\u00e9n\u011b na\u0161e v\u00edra n\u00e1m nezaru\u010d\u00ed pozitivn\u00ed v\u00fdsledek. Nesm\u00edme nikdy zapomenout na to, \u017ee jednou z nejd\u016fle\u017eit\u011bj\u0161\u00edch v\u011bc\u00ed je prevence v jak\u00e9koliv podob\u011b. Chra\u0148te svoj\u00ed p\u0159edstojnou \u017el\u00e1zu v\u010das, nenech\u00e1vejte j\u00ed napospas okoln\u00edm vliv\u016fm.                                                                                                                                                                                                                                                                                                                                                                                         4.3\/5 - (3 votes)        "},{"@context":"https:\/\/schema.org\/","@type":"BreadcrumbList","itemListElement":[{"@type":"ListItem","position":1,"name":"D\u00e1vejte si pozor na p\u0159edstojnou \u017el\u00e1zu!","item":"https:\/\/www.ficaj.cz\/davejte-si-pozor-na-predstojnou-zlazu\/#breadcrumbitem"}]}]