[{"@context":"https:\/\/schema.org\/","@type":"Article","@id":"https:\/\/www.ficaj.cz\/domacnost-nasim-odrazem\/#Article","mainEntityOfPage":"https:\/\/www.ficaj.cz\/domacnost-nasim-odrazem\/","headline":"Dom\u00e1cnost na\u0161\u00edm odrazem","name":"Dom\u00e1cnost na\u0161\u00edm odrazem","description":"Na\u0161e dom\u00e1cnost je na\u0161\u00edm odrazem. Nen\u00ed t\u00edm my\u0161leno to, jak drah\u00fd n\u00e1bytek se v n\u00ed nach\u00e1z\u00ed, ale sp\u00ed\u0161e to, jak je v\u0161e uspo\u0159\u00e1dan\u00e9 a uklizen\u00e9.","datePublished":"2022-01-07","dateModified":"2023-05-05","author":{"@type":"Person","@id":"https:\/\/www.ficaj.cz\/author\/#Person","name":"","url":"https:\/\/www.ficaj.cz\/author\/","identifier":1,"image":{"@type":"ImageObject","@id":"https:\/\/secure.gravatar.com\/avatar\/d2f205e1507a0401c7d467d32c87ccece0f63a45b81075bb691dbe8d4c823787?s=96&d=mm&r=g","url":"https:\/\/secure.gravatar.com\/avatar\/d2f205e1507a0401c7d467d32c87ccece0f63a45b81075bb691dbe8d4c823787?s=96&d=mm&r=g","height":96,"width":96}},"publisher":{"@type":"Organization","name":"ficaj.cz","logo":{"@type":"ImageObject","@id":"\/logo.png","url":"\/logo.png","width":600,"height":60}},"image":{"@type":"ImageObject","@id":"https:\/\/www.ficaj.cz\/wp-content\/uploads\/kitchen-2165756_640_5.jpg","url":"https:\/\/www.ficaj.cz\/wp-content\/uploads\/kitchen-2165756_640_5.jpg","height":0,"width":0},"url":"https:\/\/www.ficaj.cz\/domacnost-nasim-odrazem\/","about":["Dom\u00e1cnost"],"wordCount":414,"articleBody":"Na\u0161e dom\u00e1cnost je na\u0161\u00edm odrazem. Nen\u00ed t\u00edm my\u0161leno to, jak drah\u00fd n\u00e1bytek se v n\u00ed nach\u00e1z\u00ed, ale sp\u00ed\u0161e to, jak je v\u0161e uspo\u0159\u00e1dan\u00e9 a uklizen\u00e9. Nen\u00ed nic lehk\u00e9ho si udr\u017eet neust\u00e1le uklizenou dom\u00e1cnost, proto by se na dom\u00e1c\u00edch prac\u00edch m\u011blo pod\u00edlet v\u00edce lid\u00ed, ne\u017e jen maminka, \u010di partnerka. Mezi mnoha lidmi, zejm\u00e9na mu\u017ei se dost \u010dasto \u0159\u00edk\u00e1, \u017ee \u017eena pat\u0159\u00ed do kuchyn\u011b\/dom\u00e1cnosti a \u017ee by se o nic takov\u00e9ho mu\u017e starat nem\u011bl. To tak platilo mo\u017en\u00e1 d\u0159\u00edve, jen\u017ee v dne\u0161n\u00ed dob\u011b, kdy si \u017eeny norm\u00e1ln\u011b vyd\u011bl\u00e1vaj\u00ed, nem\u016f\u017ee b\u00fdt v\u0161e jen na nich a i mu\u017ei by m\u011bli s t\u011bmito dom\u00e1c\u00edmi pracemi pravideln\u011b pom\u00e1hat, a\u0165 u\u017e jde o myt\u00ed n\u00e1dob\u00ed, \u017eehlen\u00ed, pran\u00ed \u010di vys\u00e1v\u00e1n\u00ed.V\u011bt\u0161ina t\u011bchto \u010dinnost\u00ed nezabere v\u00edce ne\u017e dvacet minut \u010dasu, na to si ud\u011bl\u00e1 \u010das pom\u011brn\u011b ka\u017ed\u00fd, pokud tedy chce. Ur\u010dit\u011b bychom to v\u0161e nem\u011bli nech\u00e1vat jen na jedn\u00e9 osob\u011b, je to nevhodn\u00e9 a celkem neslu\u0161n\u00e9 si nechat va\u0159it a pr\u00e1t jako od maminky. Kdy\u017e jsme mal\u00ed, je to zcela pochopiteln\u00e9, ale ve chv\u00edli, kdy za\u010dneme dosp\u00edvat, bychom se m\u011bli do pomoci zapojovat pravideln\u011b, abychom si postupn\u011b na chod dom\u00e1cnosti zvykli a byli bychom pak v budoucnu schopni se o vlastn\u00ed dom\u00e1cnost postarat bez probl\u00e9m\u016f a s p\u0159ehledem. Ve chv\u00edli, kdy se nezvl\u00e1dneme ani postarat o dom\u00e1cnost, co\u017e je teoreticky to nejleh\u010d\u00ed na tom, kdy\u017e se rozhodneme osamostatnit, m\u011bli bychom pe\u010dliv\u011b zv\u00e1\u017eit, zda jsme na osamostatn\u011bn\u00ed zcela p\u0159ipraveni.V budoucnu, ve chv\u00edli, kdy se osamostatn\u00edme, si s dostate\u010dn\u00fdmi finan\u010dn\u00edmi prost\u0159edky m\u016f\u017eeme za\u0159\u00eddit dom\u00e1cnost takovou, jakou budeme cht\u00edt a b\u00fdt zcela spokojeni s t\u00edm, kde tr\u00e1v\u00edme n\u00e1\u0161 ve\u0161ker\u00fd \u010das, kdy\u017e u\u017e tedy nejsme v pr\u00e1ci. Abychom to uzav\u0159eli, zkuste si udr\u017eovat va\u0161\u00ed dom\u00e1cnost \u010distou, aby z\u00e1\u0159ila \u010distotou a d\u011blala dobr\u00fd dojem, zkr\u00e1tka, abyste se c\u00edtili spokojen\u011b p\u0159edev\u0161\u00edm vy. Kdy\u017e tam tr\u00e1v\u00edte mnoho \u010dasu, mus\u00ed to b\u00fdt p\u0159eci m\u00edsto, kde se budete c\u00edtit nejl\u00e9pe.                                                                                                                                                                                                                                                                                                                                                                                        4.1\/5 - (7 votes)        "},{"@context":"https:\/\/schema.org\/","@type":"BreadcrumbList","itemListElement":[{"@type":"ListItem","position":1,"name":"Dom\u00e1cnost na\u0161\u00edm odrazem","item":"https:\/\/www.ficaj.cz\/domacnost-nasim-odrazem\/#breadcrumbitem"}]}]