{"@context":"https:\/\/schema.org\/","@type":"CollectionPage","@id":"https:\/\/www.ficaj.cz\/dovolena\/#CollectionPage","headline":"Dovolen\u00e1 Category","description":"","url":"https:\/\/www.ficaj.cz\/dovolena\/","hasPart":[{"@type":"Article","@id":"https:\/\/www.ficaj.cz\/more-jako-relaxace\/","headline":"Mo\u0159e jako relaxace","url":"https:\/\/www.ficaj.cz\/more-jako-relaxace\/","datePublished":"2023-08-30","dateModified":"2024-01-30","mainEntityOfPage":"https:\/\/www.ficaj.cz\/more-jako-relaxace\/","author":{"@type":"Person","@id":"https:\/\/www.ficaj.cz\/author\/#Person","name":"","url":"https:\/\/www.ficaj.cz\/author\/","identifier":1,"image":{"@type":"ImageObject","@id":"https:\/\/secure.gravatar.com\/avatar\/d2f205e1507a0401c7d467d32c87ccece0f63a45b81075bb691dbe8d4c823787?s=96&d=mm&r=g","url":"https:\/\/secure.gravatar.com\/avatar\/d2f205e1507a0401c7d467d32c87ccece0f63a45b81075bb691dbe8d4c823787?s=96&d=mm&r=g","height":96,"width":96}},"publisher":{"@type":"Organization","name":"ficaj.cz","logo":{"@type":"ImageObject","@id":"\/logo.png","url":"\/logo.png","width":600,"height":60}},"image":{"@type":"ImageObject","@id":"https:\/\/www.ficaj.cz\/wp-content\/uploads\/beach-1867271_640_1.jpg","url":"https:\/\/www.ficaj.cz\/wp-content\/uploads\/beach-1867271_640_1.jpg","height":0,"width":0},"keywords":null},{"@type":"Article","@id":"https:\/\/www.ficaj.cz\/priprava-na-dovolenou\/","headline":"P\u0159\u00edprava na dovolenou","url":"https:\/\/www.ficaj.cz\/priprava-na-dovolenou\/","datePublished":"2021-09-23","dateModified":"2023-05-05","mainEntityOfPage":"https:\/\/www.ficaj.cz\/priprava-na-dovolenou\/","author":{"@type":"Person","@id":"https:\/\/www.ficaj.cz\/author\/#Person","name":"","url":"https:\/\/www.ficaj.cz\/author\/","identifier":1,"image":{"@type":"ImageObject","@id":"https:\/\/secure.gravatar.com\/avatar\/d2f205e1507a0401c7d467d32c87ccece0f63a45b81075bb691dbe8d4c823787?s=96&d=mm&r=g","url":"https:\/\/secure.gravatar.com\/avatar\/d2f205e1507a0401c7d467d32c87ccece0f63a45b81075bb691dbe8d4c823787?s=96&d=mm&r=g","height":96,"width":96}},"publisher":{"@type":"Organization","name":"ficaj.cz","logo":{"@type":"ImageObject","@id":"\/logo.png","url":"\/logo.png","width":600,"height":60}},"image":{"@type":"ImageObject","@id":"https:\/\/www.ficaj.cz\/wp-content\/uploads\/pexels-photo-259249_2.jpeg","url":"https:\/\/www.ficaj.cz\/wp-content\/uploads\/pexels-photo-259249_2.jpeg","height":0,"width":0},"keywords":null},{"@type":"Article","@id":"https:\/\/www.ficaj.cz\/krasne-opaleni-je-nezbytny-zaklad-pod-letni-saty\/","headline":"Kr\u00e1sn\u00e9 op\u00e1len\u00ed je nezbytn\u00fd z\u00e1klad pod letn\u00ed \u0161aty","url":"https:\/\/www.ficaj.cz\/krasne-opaleni-je-nezbytny-zaklad-pod-letni-saty\/","datePublished":"2018-11-15","dateModified":"2023-09-11","mainEntityOfPage":"https:\/\/www.ficaj.cz\/krasne-opaleni-je-nezbytny-zaklad-pod-letni-saty\/","author":{"@type":"Person","@id":"https:\/\/www.ficaj.cz\/author\/#Person","name":"","url":"https:\/\/www.ficaj.cz\/author\/","identifier":1,"image":{"@type":"ImageObject","@id":"https:\/\/secure.gravatar.com\/avatar\/d2f205e1507a0401c7d467d32c87ccece0f63a45b81075bb691dbe8d4c823787?s=96&d=mm&r=g","url":"https:\/\/secure.gravatar.com\/avatar\/d2f205e1507a0401c7d467d32c87ccece0f63a45b81075bb691dbe8d4c823787?s=96&d=mm&r=g","height":96,"width":96}},"publisher":{"@type":"Organization","name":"ficaj.cz","logo":{"@type":"ImageObject","@id":"\/logo.png","url":"\/logo.png","width":600,"height":60}},"image":{"@type":"ImageObject","@id":"https:\/\/www.ficaj.cz\/wp-content\/uploads\/img_a331354_w1765_t1543603040.jpg","url":"https:\/\/www.ficaj.cz\/wp-content\/uploads\/img_a331354_w1765_t1543603040.jpg","height":0,"width":0},"keywords":null}]}