[{"@context":"https:\/\/schema.org\/","@type":"Article","@id":"https:\/\/www.ficaj.cz\/jake-jsou-problemy-ceskeho-skolstvi\/#Article","mainEntityOfPage":"https:\/\/www.ficaj.cz\/jake-jsou-problemy-ceskeho-skolstvi\/","headline":"Jak\u00e9 jsou probl\u00e9my \u010desk\u00e9ho \u0161kolstv\u00ed?","name":"Jak\u00e9 jsou probl\u00e9my \u010desk\u00e9ho \u0161kolstv\u00ed?","description":"\u0160kola rozhodn\u011b nen\u00ed m\u00edstem, kam by v\u011bt\u0161ina z\u00a0n\u00e1s chodila r\u00e1da. Jist\u011b, m\u016f\u017eeme si tam naj\u00edt kamar\u00e1dy, av\u0161ak nen\u00ed pochyb, \u017ee v\u00a0mysl\u00edch v\u011bt\u0161iny d\u011bt\u00ed p\u0159eva\u017euj\u00ed negativa","datePublished":"2021-09-15","dateModified":"2023-05-05","author":{"@type":"Person","@id":"https:\/\/www.ficaj.cz\/author\/#Person","name":"","url":"https:\/\/www.ficaj.cz\/author\/","identifier":1,"image":{"@type":"ImageObject","@id":"https:\/\/secure.gravatar.com\/avatar\/d2f205e1507a0401c7d467d32c87ccece0f63a45b81075bb691dbe8d4c823787?s=96&d=mm&r=g","url":"https:\/\/secure.gravatar.com\/avatar\/d2f205e1507a0401c7d467d32c87ccece0f63a45b81075bb691dbe8d4c823787?s=96&d=mm&r=g","height":96,"width":96}},"publisher":{"@type":"Organization","name":"ficaj.cz","logo":{"@type":"ImageObject","@id":"\/logo.png","url":"\/logo.png","width":600,"height":60}},"image":{"@type":"ImageObject","@id":"https:\/\/www.ficaj.cz\/wp-content\/uploads\/skola3.jpg","url":"https:\/\/www.ficaj.cz\/wp-content\/uploads\/skola3.jpg","height":0,"width":0},"url":"https:\/\/www.ficaj.cz\/jake-jsou-problemy-ceskeho-skolstvi\/","about":["Vzd\u011bl\u00e1n\u00ed"],"wordCount":424,"articleBody":"\u0160kola rozhodn\u011b nen\u00ed m\u00edstem, kam by v\u011bt\u0161ina z\u00a0n\u00e1s chodila r\u00e1da. Jist\u011b, m\u016f\u017eeme si tam naj\u00edt kamar\u00e1dy, av\u0161ak nen\u00ed pochyb, \u017ee v\u00a0mysl\u00edch v\u011bt\u0161iny d\u011bt\u00ed p\u0159eva\u017euj\u00ed negativa nad pozitivy. \u017d\u00e1ci pak \u010dasto prokl\u00ednaj\u00ed Marii Terezii, kter\u00e1 povinnou \u0161koln\u00ed doch\u00e1zku zavedla.\u00a0Nen\u00ed v\u0161ak pochyb o tom, \u017ee vzd\u011bl\u00e1n\u00ed je v\u00a0sou\u010dasn\u00e9 dob\u011b nezbytn\u00e9. Bez schopnosti \u010d\u00edst, ps\u00e1t a prov\u00e1d\u011bt z\u00e1kladn\u00ed v\u00fdpo\u010dty se zkr\u00e1tka neobejdeme. Av\u0161ak \u0161kola n\u00e1s u\u010d\u00ed mnohem v\u00edce. Dozv\u00edd\u00e1me se zde, jak funguje sv\u011bt a mo\u017en\u00e1 i to, jak\u00e9 profese by n\u00e1s mohly bavit.\u00a0Je tak\u00e9 pravdou, \u017ee \u0161kolstv\u00ed je u n\u00e1s na relativn\u011b dobr\u00e9 \u00farovni, a to i v\u00a0porovn\u00e1n\u00ed s\u00a0jin\u00fdmi vysp\u011bl\u00fdmi zem\u011bmi. Typick\u00fdm p\u0159\u00edkladem mohou b\u00fdt t\u0159eba Spojen\u00e9 st\u00e1ty Americk\u00e9, kde \u0161koly rozhodn\u011b nedosahuj\u00ed takov\u00e9 \u00farovn\u011b, na jakou jsme zvykl\u00ed u n\u00e1s.\u00a0\u00a0P\u0159esto v\u0161ak tato fakta neznamenaj\u00ed, \u017ee na\u0161e \u0161koly a v\u0161eobecn\u011b vzd\u011bl\u00e1vac\u00ed model nem\u00e1 probl\u00e9my. T\u00edm nejv\u011bt\u0161\u00edm je jeho zkostnat\u011blost \u2013 u\u010d\u00edme se v\u00a0podstat\u011b naprosto stejn\u011b, jako se u\u010dili na\u0161i rodi\u010de a mnohdy i prarodi\u010de, \u010dasto dokonce ze stejn\u00fdch u\u010debnic. A to je probl\u00e9m.\u00a0Tento model byl sice dosta\u010duj\u00edc\u00ed v\u00a0minulosti, av\u0161ak v\u00a0sou\u010dasn\u00e9m dynamick\u00e9m, rychle se rozv\u00edjej\u00edc\u00edm sv\u011bt\u011b nesta\u010d\u00ed. Klade toti\u017e velk\u00fd d\u016fraz na zapamatov\u00e1n\u00ed a od\u0159\u00edk\u00e1v\u00e1n\u00ed nejr\u016fzn\u011bj\u0161\u00edch fakt\u016f, a nikoliv dostate\u010dn\u00fd na logick\u00e9 my\u0161len\u00ed \u010di schopnost improvizovat, co\u017e jsou v\u011bci, kter\u00e9 jsou dnes velmi \u017e\u00e1dan\u00e9.\u00a0\u00a0Samoz\u0159ejm\u011b, rozhodn\u011b je dobr\u00e9 zn\u00e1t ur\u010dit\u00e1 fakta, p\u0159edev\u0161\u00edm ta t\u00fdkaj\u00edc\u00ed se v\u00fdznamn\u00fdch historick\u00fdch ud\u00e1lost\u00ed. Av\u0161ak ta by nem\u011bla tvo\u0159it p\u0159ev\u00e1\u017enou \u010d\u00e1st u\u010diva. V\u00a0d\u011bjepise by nap\u0159\u00edklad nam\u00edsto od\u0159\u00edk\u00e1v\u00e1n\u00ed letopo\u010dt\u016f bylo mnohem lep\u0161\u00ed prob\u00edrat, jak\u00e9 m\u011bla dan\u00e1 situace d\u016fsledky, a to i pro oby\u010dejn\u00e9 lidi.\u00a0Toto v\u0161e je samoz\u0159ejm\u011b zn\u00e1mo ji\u017e pom\u011brn\u011b dlouhou dobu. Bohu\u017eel, nen\u00ed v\u016fle implementovat pot\u0159ebn\u00e9 reformy, a to jak ze strany u\u010ditel\u016f, tak ze strany vl\u00e1dy. A nevypad\u00e1 to, \u017ee by se na tom m\u011blo v\u00a0nejbli\u017e\u0161\u00ed dob\u011b cokoliv zm\u011bnit.                                                                                                                                                                                                                                                                                                                                                                                        4.5\/5 - (10 votes)        "},{"@context":"https:\/\/schema.org\/","@type":"BreadcrumbList","itemListElement":[{"@type":"ListItem","position":1,"name":"Jak\u00e9 jsou probl\u00e9my \u010desk\u00e9ho \u0161kolstv\u00ed?","item":"https:\/\/www.ficaj.cz\/jake-jsou-problemy-ceskeho-skolstvi\/#breadcrumbitem"}]}]