[{"@context":"https:\/\/schema.org\/","@type":"Article","@id":"https:\/\/www.ficaj.cz\/kvalitni-kousky\/#Article","mainEntityOfPage":"https:\/\/www.ficaj.cz\/kvalitni-kousky\/","headline":"Kvalitn\u00ed kousky","name":"Kvalitn\u00ed kousky","description":"Je to u\u017e opravdu hodn\u011b dlouho, kdy u\u017e n\u011bkolik let odeb\u00edr\u00e1m tak\u00e9 m\u00f3dn\u00ed \u010dasopisy, proto\u017ee o m\u00f3du se zaj\u00edm\u00e1m a m\u00f3da je opravdu m\u016fj kon\u00ed\u010dek.","datePublished":"2024-08-31","dateModified":"2024-08-31","author":{"@type":"Person","@id":"https:\/\/www.ficaj.cz\/author\/#Person","name":"","url":"https:\/\/www.ficaj.cz\/author\/","identifier":1,"image":{"@type":"ImageObject","@id":"https:\/\/secure.gravatar.com\/avatar\/d2f205e1507a0401c7d467d32c87ccece0f63a45b81075bb691dbe8d4c823787?s=96&d=mm&r=g","url":"https:\/\/secure.gravatar.com\/avatar\/d2f205e1507a0401c7d467d32c87ccece0f63a45b81075bb691dbe8d4c823787?s=96&d=mm&r=g","height":96,"width":96}},"publisher":{"@type":"Organization","name":"ficaj.cz","logo":{"@type":"ImageObject","@id":"\/logo.png","url":"\/logo.png","width":600,"height":60}},"image":{"@type":"ImageObject","@id":"https:\/\/www.ficaj.cz\/wp-content\/uploads\/fashion-show-1746622_1280.jpg","url":"https:\/\/www.ficaj.cz\/wp-content\/uploads\/fashion-show-1746622_1280.jpg","height":0,"width":0},"url":"https:\/\/www.ficaj.cz\/kvalitni-kousky\/","about":["M\u00f3da"],"wordCount":418,"articleBody":"Je to u\u017e opravdu hodn\u011b dlouho, kdy u\u017e n\u011bkolik let odeb\u00edr\u00e1m tak\u00e9 m\u00f3dn\u00ed \u010dasopisy, proto\u017ee o m\u00f3du se zaj\u00edm\u00e1m a m\u00f3da je opravdu m\u016fj kon\u00ed\u010dek. M\u00f3da m\u011b bav\u00ed u\u017e opravdu hodn\u011b dlouho. Tak\u00e9 si vzpom\u00edn\u00e1m, \u017ee s kamar\u00e1dkou jsme si v\u017edycky malovaly\u00a0r\u016fzn\u00e9 obr\u00e1zky a zkou\u0161ely\u00a0jsme tak\u00e9 navrhovat r\u016fzn\u00e9 oble\u010den\u00ed. Tohle n\u00e1s moc bavilo. A potom se k n\u00e1m tak\u00e9 je\u0161t\u011b p\u0159idal m\u016fj mlad\u0161\u00ed bratr, proto\u017ee on moc r\u00e1d maloval a pov\u00edm v\u00e1m, \u017ee on kolikr\u00e1t dok\u00e1zal namalovat lep\u0161\u00ed modely a lep\u0161\u00ed obr\u00e1zky ne\u017e my holky. Proto jsem docela tak\u00e9 z\u00e1vid\u011bla, ale pozd\u011bji jsem bratra v tomhle podporovala, dokonce \u0161el potom tak\u00e9 po z\u00e1kladn\u00ed \u0161kole studovat na st\u0159edn\u00ed um\u011bleckou \u0161kolu, kde se mu moc da\u0159ilo. Navrhnul n\u011bkolik zimn\u00edch bund a tak\u00e9 kabelek, ale t\u00edm to haslo, proto\u017ee on si potom na\u0161el p\u0159\u00edtelkyni, kterou si vzal za man\u017eelku. Dan\u00e1 m\u00f3du se tak tro\u0161ku vyka\u0161lal, a to je podle m\u00e9ho n\u00e1zoru opravdu velik\u00e1 \u0161koda. Je ale opravdu hodn\u011b mu\u017e\u016f a kluk\u016f, kte\u0159\u00ed se zaj\u00edmaj\u00ed o m\u00f3du a kte\u0159\u00ed tak\u00e9 pr\u00e1v\u011b navrhuj\u00ed m\u00f3du. M\u011b by\u00a0tohle moc bavilo. Opravdu by m\u011b zaj\u00edmalo, kdybych n\u011bkomu \u0159ekla, aby m\u011b osobn\u011b navrhnul n\u011bjak\u00e9 d\u017e\u00edny? J\u00e1 m\u00e1m opravdu hodn\u011b atypickou postavu, m\u00e1m vysok\u00fd a hodn\u011b \u0161t\u00edhl\u00fd pas, ale zase docela \u0161ir\u0161\u00ed boky, tak\u017ee mi d\u011bl\u00e1 probl\u00e9m sehnat t\u0159eba i del\u0161\u00ed svetr anebo d\u017e\u00edny. V\u017edy\u0165 v\u00edte, \u017ee ve v\u011bt\u0161in\u011b p\u0159\u00edpad\u016f kvalitn\u00ed a proslul\u00fd m\u00f3dn\u00ed n\u00e1vrh\u00e1\u0159i jsou mu\u017ei. Samoz\u0159ejm\u011b, \u017ee i m\u00f3dn\u00ed n\u00e1vrh\u00e1\u0159ky jsou \u017eeny, ale kdy\u017e jsem to takhle po\u010d\u00edtala anebo pro\u010d\u00edtala, tak jsem se dozv\u011bd\u011bla, \u017ee mu\u017ei v m\u00f3d\u011b maj\u00ed opravdu velikou p\u0159evahu. Mn\u011b tohle nevad\u00ed, mn\u011b je \u00fapln\u011b jedno, kdo\u00a0navrhuje m\u00f3du, m\u011b jde hlavn\u011b o to, aby mohla. M\u00f3da byla hlavn\u011b nositeln\u00e1 a tak\u00e9 kvalitn\u00ed. V m\u00f3d\u011b mi jde tak\u00e9 prvo\u0159ad\u011b o kvalitn\u00ed materi\u00e1l a kvalitn\u00ed \u0161it\u00ed. J\u00e1 si mysl\u00edm, \u017ee i sebekr\u00e1sn\u011bj\u0161\u00ed kousek, kter\u00fd by byl z nekvalitn\u00edho materi\u00e1lu a byl flekat\u00fd nebo nekvalitn\u00ed, tak by tohle asi ani nem\u011blo cenu nosit.\u00a0                                                                                                                                                                                                                                                                                                                                                                                                "},{"@context":"https:\/\/schema.org\/","@type":"BreadcrumbList","itemListElement":[{"@type":"ListItem","position":1,"name":"Kvalitn\u00ed kousky","item":"https:\/\/www.ficaj.cz\/kvalitni-kousky\/#breadcrumbitem"}]}]