[{"@context":"https:\/\/schema.org\/","@type":"Article","@id":"https:\/\/www.ficaj.cz\/novy-interier\/#Article","mainEntityOfPage":"https:\/\/www.ficaj.cz\/novy-interier\/","headline":"Nov\u00fd interi\u00e9r","name":"Nov\u00fd interi\u00e9r","description":"Zkou\u0161eli jste n\u011bkdy bytov\u00e9ho architekta? J\u00e1 si mysl\u00edm, \u017ee bytov\u00fd architekt se v\u00e1m jist\u011b vyplat\u00ed. Vy si mo\u017en\u00e1 \u0159\u00edk\u00e1te, \u017ee ho nepot\u0159ebujete, \u017ee um\u00edte si","datePublished":"2022-07-09","dateModified":"2023-05-05","author":{"@type":"Person","@id":"https:\/\/www.ficaj.cz\/author\/#Person","name":"","url":"https:\/\/www.ficaj.cz\/author\/","identifier":1,"image":{"@type":"ImageObject","@id":"https:\/\/secure.gravatar.com\/avatar\/d2f205e1507a0401c7d467d32c87ccece0f63a45b81075bb691dbe8d4c823787?s=96&d=mm&r=g","url":"https:\/\/secure.gravatar.com\/avatar\/d2f205e1507a0401c7d467d32c87ccece0f63a45b81075bb691dbe8d4c823787?s=96&d=mm&r=g","height":96,"width":96}},"publisher":{"@type":"Organization","name":"ficaj.cz","logo":{"@type":"ImageObject","@id":"\/logo.png","url":"\/logo.png","width":600,"height":60}},"image":{"@type":"ImageObject","@id":"https:\/\/www.ficaj.cz\/wp-content\/uploads\/living-room-1476062_640_1.jpg","url":"https:\/\/www.ficaj.cz\/wp-content\/uploads\/living-room-1476062_640_1.jpg","height":0,"width":0},"url":"https:\/\/www.ficaj.cz\/novy-interier\/","about":["Neza\u0159azen\u00e9"],"wordCount":425,"articleBody":"      Zkou\u0161eli jste n\u011bkdy bytov\u00e9ho architekta? J\u00e1 si mysl\u00edm, \u017ee bytov\u00fd architekt se v\u00e1m jist\u011b vyplat\u00ed. Vy si mo\u017en\u00e1 \u0159\u00edk\u00e1te, \u017ee ho nepot\u0159ebujete, \u017ee um\u00edte si sv\u016fj byt za\u0159\u00eddit sami. J\u00e1 tomu v\u011b\u0159\u00edm, ale taky nen\u00ed na \u0161kodu si po\u0159\u00eddit bytov\u00e9ho architekta. Proto\u017ee bytov\u00fd architekt se vyzn\u00e1 v m\u00f3dn\u00edch trendech. J\u00e1 jsem si kdysi \u0159\u00edkala, \u017ee bych se taky bytov\u00e9ho architekta dom\u016f pozvala. Jenom\u017ee jsem nev\u011bd\u011bla, jak\u00e9 jsou ceny. Proto\u017ee je jasn\u00e9, \u017ee bytov\u00fd architekt si m\u016f\u017ee taky vz\u00edt hodn\u011b pen\u011bz. A jak je dne\u0161n\u00ed krize a vysok\u00e1 inflace, tak jsem si \u0159ekla, \u017ee rad\u011bji budu \u0161et\u0159it. A rad\u011bji \u017e\u00e1dn\u00e9ho bytov\u00e9ho architekta si nenajmu. Potom ale p\u0159i\u0161el m\u016fj p\u0159\u00edtel, \u017ee by cht\u011bl zm\u011bnit \u00fapln\u011b cel\u00fd ob\u00fdv\u00e1k a kuchy\u0148. Proto\u017ee takhle to m\u00e1me za\u0159\u00edzen\u00fd u\u017e asi deset let stejn\u011b a pr\u00fd to pot\u0159ebuje n\u011bjakou zm\u011bnu. J\u00e1 jsem s p\u0159\u00edtelem samoz\u0159ejm\u011b souhlasila, ale nev\u011bd\u011bla jsem jak na to.A v\u016fbec jsem nem\u011bla pon\u011bt\u00ed o tom, co je v m\u00f3d\u011b a co je trendy. A tak m\u016fj p\u0159\u00edtel \u0159ekl, \u017ee bychom si mohli najmout bytov\u00e9ho architekta. A chv\u00edli jsem nad t\u00edm uva\u017eovala a \u0159ekla jsem si, \u017ee vlastn\u011b by to nebylo na \u0161kodu. Bytov\u00e9ho architekta m\u011bla taky moje sousedka. Tak jsem se j\u00ed \u0161la ihned zeptat na n\u011bjak\u00e9 podrobnosti. A byla jsem r\u00e1da, kdy\u017e mi sousedka \u0159ekla, \u017ee bytov\u00fd architekt nen\u00ed tak moc drah\u00fd, tak\u017ee bylo rozhodnuto. Cel\u00e1 nat\u011b\u0161en\u00e1 jsem p\u0159\u00edteli \u0159ekla, \u017ee souhlas\u00edm s bytov\u00fdm architektem. A v\u00edte, jak to nakonec cel\u00e9 dopadlo? Naprosto perfektn\u011b. Bytov\u00fd architekt n\u00e1m za\u0159\u00eddil kuchy\u0148 a ob\u00fdv\u00e1k opravdu p\u011bkn\u011b a mn\u011b se to moc l\u00edb\u00ed. Taky m\u00fdm rodi\u010d\u016fm se to l\u00edb\u00ed te\u010f a m\u00ed rodi\u010de taky uva\u017euji, \u017ee jsi taky objednaj\u00ed bytov\u00e9ho architekta na sv\u016fj byt. A vy byste investovali do n\u011bjak\u00e9ho kvalitn\u00edho bytov\u00e9ho architekta? J\u00e1 si mysl\u00edm, \u017ee to nen\u00ed nic luxusn\u00edho, tak si to m\u016f\u017ee dovolit \u00fapln\u011b ka\u017ed\u00fd. D\u00e1 se bytov\u00fd architekt Bydesign sehnat u\u017e i za levn\u00e9 pen\u00edze a m\u011b se l\u00edb\u00ed, \u017ee alespo\u0148 m\u00e1me doma velkou zm\u011bnu, co\u017e u\u017e byla doma pot\u0159eba.                                                                                                                                                                                                                                                                                                                                                                                          4.7\/5 - (16 votes)        "},{"@context":"https:\/\/schema.org\/","@type":"BreadcrumbList","itemListElement":[{"@type":"ListItem","position":1,"name":"Nov\u00fd interi\u00e9r","item":"https:\/\/www.ficaj.cz\/novy-interier\/#breadcrumbitem"}]}]