[{"@context":"https:\/\/schema.org\/","@type":"Article","@id":"https:\/\/www.ficaj.cz\/obleceni-na-volny-cas\/#Article","mainEntityOfPage":"https:\/\/www.ficaj.cz\/obleceni-na-volny-cas\/","headline":"Oble\u010den\u00ed na voln\u00fd \u010das","name":"Oble\u010den\u00ed na voln\u00fd \u010das","description":"Jestli\u017ee se chcete ve sv\u00e9m voln\u00e9m \u010dase c\u00edtit opravdu pohodln\u011b a fajn, tak byste si rozhodn\u011b m\u011bli po\u0159\u00eddit alespo\u0148 p\u00e1r kvalitn\u00edch a pohodln\u00fdch p\u00e1nsk\u00fdch mikin,","datePublished":"2024-12-03","dateModified":"2024-12-03","author":{"@type":"Person","@id":"https:\/\/www.ficaj.cz\/author\/#Person","name":"","url":"https:\/\/www.ficaj.cz\/author\/","identifier":1,"image":{"@type":"ImageObject","@id":"https:\/\/secure.gravatar.com\/avatar\/d2f205e1507a0401c7d467d32c87ccece0f63a45b81075bb691dbe8d4c823787?s=96&d=mm&r=g","url":"https:\/\/secure.gravatar.com\/avatar\/d2f205e1507a0401c7d467d32c87ccece0f63a45b81075bb691dbe8d4c823787?s=96&d=mm&r=g","height":96,"width":96}},"publisher":{"@type":"Organization","name":"ficaj.cz","logo":{"@type":"ImageObject","@id":"\/logo.png","url":"\/logo.png","width":600,"height":60}},"url":"https:\/\/www.ficaj.cz\/obleceni-na-volny-cas\/","wordCount":174,"articleBody":"Jestli\u017ee se chcete ve sv\u00e9m voln\u00e9m \u010dase c\u00edtit opravdu pohodln\u011b a fajn, tak byste si rozhodn\u011b m\u011bli po\u0159\u00eddit alespo\u0148 p\u00e1r kvalitn\u00edch a pohodln\u00fdch p\u00e1nsk\u00fdch mikin, kter\u00e9 v\u00e1m zajist\u00ed opravdov\u00fd komfort a maxim\u00e1ln\u00ed pohodl\u00ed. Pro\u010d byste m\u011bli m\u00edt ve sv\u00e9m voln\u00e9m \u010dase upnut\u00e9, nepohodln\u00e9 a foremn\u00ed oble\u010den\u00ed? U\u017e\u00edvejte si tyto kvalitn\u00ed a pohodln\u00e9 kousky, kter\u00e9 v\u00e1mi p\u0159es svoje pohodln\u00ed nab\u00edzej\u00ed p\u011bkn\u00fd a modern\u00ed vzhled, za kter\u00fd se nemus\u00edte styd\u011bt.Velik\u00fd v\u00fdb\u011brU n\u00e1s si vybere opravdu kvalitn\u00ed p\u00e1nskou mikinu doopravdy ka\u017ed\u00fd. Nab\u00edz\u00edme toti\u017e \u0161irok\u00fd v\u00fdb\u011br, m\u00e1te proto mo\u017enost si zvolit, zda chcete mikinu s kapuc\u00ed, nebo bez n\u00ed, zda v\u00e1m vyhovuj\u00ed extravagantn\u00ed barvy anebo zda chcete n\u011bco klasick\u00e9ho a form\u00e1ln\u00edho. Je jen na v\u00e1s, jak\u00fd kousek oble\u010den\u00ed si po\u0159\u00edd\u00edte a \u010demu d\u00e1te \u0161anci. Vyberte si podle sv\u00e9ho gusta.                                                                                                                                                                                                                                                                                                                                                                                                "},{"@context":"https:\/\/schema.org\/","@type":"BreadcrumbList","itemListElement":[{"@type":"ListItem","position":1,"name":"Oble\u010den\u00ed na voln\u00fd \u010das","item":"https:\/\/www.ficaj.cz\/obleceni-na-volny-cas\/#breadcrumbitem"}]}]