[{"@context":"https:\/\/schema.org\/","@type":"Article","@id":"https:\/\/www.ficaj.cz\/zabradli-ze-skla\/#Article","mainEntityOfPage":"https:\/\/www.ficaj.cz\/zabradli-ze-skla\/","headline":"Z\u00e1bradl\u00ed ze skla","name":"Z\u00e1bradl\u00ed ze skla","description":"Pamatuji si, jak jsme s p\u0159\u00edtelem hledali pro n\u00e1s vhodn\u00fd byt. M\u011blo to b\u00fdt na\u0161e \u00fapln\u011b prvn\u00ed bydlen\u00ed. A tak jsem si \u0159ekla, \u017ee chci","datePublished":"2022-07-16","dateModified":"2022-07-16","author":{"@type":"Person","@id":"https:\/\/www.ficaj.cz\/author\/#Person","name":"","url":"https:\/\/www.ficaj.cz\/author\/","identifier":1,"image":{"@type":"ImageObject","@id":"https:\/\/secure.gravatar.com\/avatar\/d2f205e1507a0401c7d467d32c87ccece0f63a45b81075bb691dbe8d4c823787?s=96&d=mm&r=g","url":"https:\/\/secure.gravatar.com\/avatar\/d2f205e1507a0401c7d467d32c87ccece0f63a45b81075bb691dbe8d4c823787?s=96&d=mm&r=g","height":96,"width":96}},"publisher":{"@type":"Organization","name":"ficaj.cz","logo":{"@type":"ImageObject","@id":"\/logo.png","url":"\/logo.png","width":600,"height":60}},"image":{"@type":"ImageObject","@id":"https:\/\/www.ficaj.cz\/wp-content\/uploads\/istockphoto-115961213-2048x2048_1.jpg","url":"https:\/\/www.ficaj.cz\/wp-content\/uploads\/istockphoto-115961213-2048x2048_1.jpg","height":0,"width":0},"url":"https:\/\/www.ficaj.cz\/zabradli-ze-skla\/","about":["Produkty"],"wordCount":443,"articleBody":"      Pamatuji si, jak jsme s p\u0159\u00edtelem hledali pro n\u00e1s vhodn\u00fd byt. M\u011blo to b\u00fdt na\u0161e \u00fapln\u011b prvn\u00ed bydlen\u00ed. A tak jsem si \u0159ekla, \u017ee chci n\u011bjak\u00e9 p\u011bkn\u00e9. Necht\u011bla jsem v\u016fbec \u017e\u00e1dnou garsonku, ani n\u011bco takov\u00e9ho, co je stra\u0161n\u011b mal\u00e9, proto\u017ee nem\u00e1m moc r\u00e1da st\u00edsn\u011bn\u00e9 prostory. A v\u00edte, jak to nakonec dopadlo? Vzali jsme si nakonec hypot\u00e9ku. Proto\u017ee jsme se s p\u0159\u00edtelem za\u010dali h\u00e1dat, \u017ee n\u00e1jem se v\u016fbec nevyplat\u00ed. J\u00e1 jsem sice cht\u011bla do n\u00e1jmu, proto\u017ee se boj\u00edm zadlu\u017eit hypot\u00e9kou, jenom\u017ee m\u016fj p\u0159\u00edtel je \u00fapln\u011b prav\u00fd opak. P\u0159\u00edteli se zase nechce platit n\u00e1jem n\u011bkomu, koho ani moc po\u0159\u00e1dn\u011b nezn\u00e1. A on je pr\u00fd jedin\u011b pro hypot\u00e9ku. H\u00e1dali tady jsme se spolu asi dva m\u011bs\u00edce. A moc jsem se nebavili, proto\u017ee jsme si ka\u017ed\u00fd st\u00e1li  https:\/\/cs.wiktionary.org\/wiki\/st%25C3%25A1le za sv\u00fdm.Nakonec to dopadlo tak, \u017ee jsme ud\u011blali sm\u00edr, a nakonec jsme si hypot\u00e9ku vzali. A koupili jsme si mal\u00fd byt t\u0159i plus jedna. Cht\u011bla jsem tam m\u00edt n\u011bco \u00fapln\u011b unik\u00e1tn\u00edho. J\u00e1 jsem toti\u017e takov\u00e1, \u017ee chci m\u00edt n\u011bco, se nem\u00e1 jen tak n\u011bkdo. A v\u00edte, co jsem si vybrala? Sklen\u011bn\u00e9 z\u00e1bradl\u00ed. Proto\u017ee sklen\u011bn\u00e9 z\u00e1bradl\u00ed je opravdu velmi vhodn\u00e9 na balkon. Tam na balkon\u011b jsme m\u011bli \u00fapln\u011b star\u00e9 n\u011bjak\u00e9 d\u0159ev\u011bn\u00e9 z\u00e1bradl\u00ed. To se mi v\u016fbec nel\u00edbilo. Tak jsem p\u0159\u00edteli \u0159ekla, \u017ee bych cht\u011bla sklen\u011bn\u00e9 z\u00e1bradl\u00ed. Na chv\u00edli v\u00e1hal, proto\u017ee si myslel, \u017ee sklen\u011bn\u00e9 z\u00e1bradl\u00ed nebude moc kvalitn\u00ed. Nicm\u00e9n\u011b si potom ale zjistil n\u011bjak\u00e9 informace, \u017ee sklen\u011bn\u00e9 z\u00e1bradl\u00ed je naprosto vhodn\u00e9. Sice je pr\u016fhledn\u00e9, \u017ee do n\u011bj m\u016f\u017ee t\u0159eba narazit pt\u00e1k, ale to jsem vy\u0159e\u0161ila \u00fapln\u011b jednodu\u0161e. Na sklen\u011bn\u00e9 z\u00e1bradl\u00ed jsem dala r\u016fzn\u00e9 kv\u011btin\u00e1\u010de a mus\u00edm \u0159\u00edct, \u017ee to vypad\u00e1, jako kdyby kv\u011btin\u00e1\u010de vl\u00e1ly ve vzduchu. Nav\u00edc je to docela origin\u00e1ln\u00ed a mn\u011b se to moc l\u00edb\u00ed. V\u016fbec toho nelituji, \u017ee to mus\u00edm z\u00e1bradl\u00ed \u010dast\u011bji le\u0161tit. Proto\u017ee sklo je sklo. A jak v\u0161ichni v\u00edme, tak sklo se opravdu lehce uma\u017ee a zamast\u00ed. Dokonce i kapky de\u0161t\u011b ud\u011blaj\u00ed na sklen\u011bn\u00e9m z\u00e1bradl\u00ed neplechu.                                                                                                                                                                                                                                                                                                                                                                                          4.7\/5 - (3 votes)        "},{"@context":"https:\/\/schema.org\/","@type":"BreadcrumbList","itemListElement":[{"@type":"ListItem","position":1,"name":"Z\u00e1bradl\u00ed ze skla","item":"https:\/\/www.ficaj.cz\/zabradli-ze-skla\/#breadcrumbitem"}]}]